{"id":24589,"date":"2025-05-30T17:28:55","date_gmt":"2025-05-30T15:28:55","guid":{"rendered":"https:\/\/flatmaningatlan.hu\/?p=24589"},"modified":"2025-06-21T13:07:05","modified_gmt":"2025-06-21T11:07:05","slug":"miert-fontos-a-kaucio-lakasberlet-eseten","status":"publish","type":"post","link":"https:\/\/flatmaningatlan.hu\/en\/miert-fontos-a-kaucio-lakasberlet-eseten\/","title":{"rendered":"Mit \u00e9rdemes tudni a kauci\u00f3r\u00f3l b\u00e9rbead\u00e1s eset\u00e9n?"},"content":{"rendered":"<p>A kauci\u00f3 nem csup\u00e1n egy formas\u00e1g, hanem egy fontos jogi \u00e9s anyagi biztos\u00edt\u00e9k, amely mindk\u00e9t f\u00e9l \u00e9rdekeit v\u00e9di. Ha j\u00f3l van r\u00f6gz\u00edtve a szerz\u0151d\u00e9sben, sok kellemetlens\u00e9gt\u0151l k\u00edm\u00e9lhetj\u00fck meg magunkat.<\/p>\n\n\n\n<div style=\"height:25px\" aria-hidden=\"true\" class=\"wp-block-spacer\"><\/div>\n\n\n\n<h2 class=\"wp-block-heading\" id=\"h-mi-az-a-kaucio\">Mi az a kauci\u00f3?<\/h2>\n\n\n\n<p>A kauci\u00f3 \u2013 m\u00e1s n\u00e9ven \u00f3vad\u00e9k \u2013 egy el\u0151re megfizetett p\u00e9nz\u00f6sszeg, amit a b\u00e9rl\u0151 a szerz\u0151d\u00e9s al\u00e1\u00edr\u00e1sakor ad \u00e1t a b\u00e9rbead\u00f3nak. Ez az \u00f6sszeg arra szolg\u00e1l, hogy fedezetet ny\u00fajtson az esetleges k\u00e1rokra, elmaradt b\u00e9rleti d\u00edjra vagy k\u00f6z\u00fczemi tartoz\u00e1sokra.<\/p>\n\n\n\n<div style=\"height:25px\" aria-hidden=\"true\" class=\"wp-block-spacer\"><\/div>\n\n\n\n<h2 class=\"wp-block-heading\" id=\"h-mennyi-kauciot-kerhetunk-berbeadokent\">Mennyi kauci\u00f3t k\u00e9rhet\u00fcnk b\u00e9rbead\u00f3k\u00e9nt?<\/h2>\n\n\n\n<p>B\u00e1r a Ptk. alapj\u00e1n a kauci\u00f3 m\u00e9rt\u00e9ke legfeljebb h\u00e1romhavi b\u00e9rleti d\u00edj lehet, de a gyakorlatban k\u00e9thavi kauci\u00f3n\u00e1l t\u00f6bbet nem hajland\u00f3ak elfogadni a b\u00e9rl\u0151k Magyarorsz\u00e1gon, csak kiv\u00e9teles esetekben. Ha a b\u00e9rl\u0151 a szerz\u0151d\u00e9s szerint j\u00e1rt el, a b\u00e9rleti jogviszony v\u00e9g\u00e9n a kauci\u00f3t hi\u00e1nytalanul vissza kell adni \u2013 a kik\u00f6lt\u00f6z\u00e9st k\u00f6vet\u0151 30 napon bel\u00fcl.<\/p>\n\n\n\n<div style=\"height:25px\" aria-hidden=\"true\" class=\"wp-block-spacer\"><\/div>\n\n\n\n<h2 class=\"wp-block-heading\" id=\"h-milyen-feltetelei-vannak-a-kaucio-visszafizetesenek\">Milyen felt\u00e9telei vannak a kauci\u00f3 visszafizet\u00e9s\u00e9nek?<\/h2>\n\n\n\n<p>A kauci\u00f3b\u00f3l a b\u00e9rbead\u00f3 levonhatja:<\/p>\n\n\n\n<p>\u2022 a ki nem fizetett k\u00f6z\u00fczemi sz\u00e1ml\u00e1kat, k\u00f6z\u00f6s k\u00f6lts\u00e9get<br>\u2022 a nem rendeltet\u00e9sszer\u0171 haszn\u00e1lat k\u00f6vetkezt\u00e9ben felmer\u00fclt k\u00e1rok k\u00f6lts\u00e9g\u00e9t<br>a hi\u00e1nyz\u00f3 vagy megrong\u00e1l\u00f3dott berendez\u00e9si t\u00e1rgyak p\u00f3tl\u00e1s\u00e1nak vagy jav\u00edt\u00e1si k\u00f6lts\u00e9geit<\/p>\n\n\n\n<p>Javasolt felt\u00e9telk\u00e9nt szabni tov\u00e1bb\u00e1, hogy a b\u00e9rl\u0151 igazolja, minden, a b\u00e9rleti szerz\u0151d\u00e9s alapj\u00e1n lakc\u00edmnyilv\u00e1ntart\u00e1s-szer\u0171en bejelentett szem\u00e9ly kijelentkezett az ingatlanb\u00f3l.<\/p>\n\n\n\n<div style=\"height:25px\" aria-hidden=\"true\" class=\"wp-block-spacer\"><\/div>\n\n\n\n<h2 class=\"wp-block-heading\" id=\"h-mikor-tarthatjuk-meg-a-kauciot-berbeadokent\">Mikor tarthatjuk meg a kauci\u00f3t b\u00e9rbead\u00f3k\u00e9nt?<\/h2>\n\n\n\n<p>A kauci\u00f3 term\u00e9szetesen b\u00e9rleti d\u00edj tartoz\u00e1s eset\u00e9n is biztos\u00edt\u00e9kot jelent, de figyelj\u00fcnk arra, hogy k\u00e9sedelmes fizet\u00e9s eset\u00e9n a b\u00e9rl\u0151 mihamarabb kapjon felsz\u00f3l\u00edt\u00e1st \u00e9s \u00e9rtes\u00fclj\u00f6n a v\u00e1rhat\u00f3 k\u00f6vetkezm\u00e9nyekr\u0151l. Ker\u00fclj\u00fck el azt a helyzetet, hogy a kauci\u00f3 nem tudja fedezni az esetlegesen felmer\u00fcl\u0151 k\u00f6lts\u00e9geinket.<\/p>\n\n\n\n<p>A hat\u00e1rozott idej\u0171 b\u00e9rleti szerz\u0151d\u00e9sek csak k\u00f6z\u00f6s megegyez\u00e9ssel sz\u00fcntethet\u0151ek meg. Ha a b\u00e9rl\u0151 egyoldal\u00faan sz\u00fcnteti meg a szerz\u0151d\u00e9st, b\u00e9rbead\u00f3k\u00e9nt jogosultak vagyunk ak\u00e1r a kauci\u00f3 teljes \u00f6sszeg\u00e9t is megtartani.<\/p>\n\n\n\n<div style=\"height:25px\" aria-hidden=\"true\" class=\"wp-block-spacer\"><\/div>\n\n\n\n<h2 class=\"wp-block-heading\" id=\"h-kaucios-csapdahelyzet-a-lelakhato-kaucio\">Kauci\u00f3s csapdahelyzet &#8211; A \u201clelakhat\u00f3\u201d kauci\u00f3<\/h2>\n\n\n\n<p>Sajnos el\u0151fordul, hogy a b\u00e9rl\u0151 \u00fagy gondolja: ha m\u00e1r egyszer kifizette a k\u00e9thavi kauci\u00f3t, az utols\u00f3 k\u00e9t h\u00f3napban nem fizet b\u00e9rleti d\u00edjat. B\u00e9rbead\u00f3k\u00e9nt mindenk\u00e9ppen igyekezz\u00fcnk elker\u00fclni ezt a helyzetet. Ha azt tapasztaljuk, hogy az eddig id\u0151ben fizet\u0151 b\u00e9rl\u0151 egyszer csak \u201celfelejti\u201d fizetni a b\u00e9rleti d\u00edjat, nem \u00e9rdemes k\u00e9slekedni, k\u00fcldj\u00fcnk \u00edr\u00e1sbeli felsz\u00f3l\u00edt\u00e1st vagy forduljunk a k\u00f6zjegyz\u0151h\u00f6z.<\/p>\n\n\n\n<div style=\"height:25px\" aria-hidden=\"true\" class=\"wp-block-spacer\"><\/div>\n\n\n\n<h2 class=\"wp-block-heading\" id=\"h-tipp-kozjegyzoi-okirat\">Tipp: k\u00f6zjegyz\u0151i okirat<\/h2>\n\n\n\n<p>A b\u00e9rleti szerz\u0151d\u00e9st \u00e9rdemes k\u00f6zjegyz\u0151i okiratba foglalni, mert ez jogilag er\u0151sebb v\u00e9delmet ny\u00fajt a b\u00e9rbead\u00f3 sz\u00e1m\u00e1ra. Ha p\u00e9ld\u00e1ul a b\u00e9rl\u0151 nem fizet vagy nem hajland\u00f3 kik\u00f6lt\u00f6zni, \u00edgy gyorsabban lehet jogi l\u00e9p\u00e9seket tenni.<\/p>","protected":false},"excerpt":{"rendered":"<p>A kauci\u00f3 nem csup\u00e1n egy formas\u00e1g, hanem egy fontos jogi \u00e9s anyagi biztos\u00edt\u00e9k, amely mindk\u00e9t f\u00e9l \u00e9rdekeit v\u00e9di. Ha j\u00f3l van r\u00f6gz\u00edtve a szerz\u0151d\u00e9sben, sok kellemetlens\u00e9gt\u0151l k\u00edm\u00e9lhetj\u00fck meg magunkat. Mi az a kauci\u00f3? A kauci\u00f3 \u2013 m\u00e1s n\u00e9ven \u00f3vad\u00e9k \u2013 egy el\u0151re megfizetett p\u00e9nz\u00f6sszeg, amit a b\u00e9rl\u0151 a szerz\u0151d\u00e9s al\u00e1\u00edr\u00e1sakor ad \u00e1t a b\u00e9rbead\u00f3nak. Ez [&hellip;]<\/p>\n","protected":false},"author":6,"featured_media":0,"comment_status":"closed","ping_status":"closed","sticky":false,"template":"","format":"standard","meta":{"footnotes":""},"categories":[1],"tags":[],"class_list":["post-24589","post","type-post","status-publish","format-standard","hentry","category-blog"],"yoast_head":"<!-- This site is optimized with the Yoast SEO Premium plugin v27.4 (Yoast SEO v27.4) - https:\/\/yoast.com\/product\/yoast-seo-premium-wordpress\/ -->\n<title>Mit \u00e9rdemes tudni a kauci\u00f3r\u00f3l b\u00e9rbead\u00e1s eset\u00e9n?<\/title>\n<meta name=\"description\" content=\"Mire figyelj, ha kauci\u00f3t k\u00e9rsz b\u00e9rbead\u00e1skor? \u00d6sszefoglal\u00f3 a jogi szab\u00e1lyokr\u00f3l \u00e9s a visszafizet\u00e9s felt\u00e9teleir\u0151l.\" \/>\n<meta name=\"robots\" content=\"index, follow, max-snippet:-1, max-image-preview:large, max-video-preview:-1\" \/>\n<link rel=\"canonical\" href=\"https:\/\/flatmaningatlan.hu\/en\/miert-fontos-a-kaucio-lakasberlet-eseten\/\" \/>\n<meta property=\"og:locale\" content=\"en_GB\" \/>\n<meta property=\"og:type\" content=\"article\" \/>\n<meta property=\"og:title\" content=\"Mit \u00e9rdemes tudni a kauci\u00f3r\u00f3l b\u00e9rbead\u00e1s eset\u00e9n?\" \/>\n<meta property=\"og:description\" content=\"Mire figyelj, ha kauci\u00f3t k\u00e9rsz b\u00e9rbead\u00e1skor? \u00d6sszefoglal\u00f3 a jogi szab\u00e1lyokr\u00f3l \u00e9s a visszafizet\u00e9s felt\u00e9teleir\u0151l.\" \/>\n<meta property=\"og:url\" content=\"https:\/\/flatmaningatlan.hu\/en\/miert-fontos-a-kaucio-lakasberlet-eseten\/\" \/>\n<meta property=\"og:site_name\" content=\"Flatman Ingatlan\" \/>\n<meta property=\"article:published_time\" content=\"2025-05-30T15:28:55+00:00\" \/>\n<meta property=\"article:modified_time\" content=\"2025-06-21T11:07:05+00:00\" \/>\n<meta name=\"author\" content=\"Karner P\u00e9ter\" \/>\n<meta name=\"twitter:card\" content=\"summary_large_image\" \/>\n<meta name=\"twitter:label1\" content=\"Written by\" \/>\n\t<meta name=\"twitter:data1\" content=\"Karner P\u00e9ter\" \/>\n\t<meta name=\"twitter:label2\" content=\"Estimated reading time\" \/>\n\t<meta name=\"twitter:data2\" content=\"2 minutes\" \/>\n<script type=\"application\/ld+json\" class=\"yoast-schema-graph\">{\"@context\":\"https:\\\/\\\/schema.org\",\"@graph\":[{\"@type\":\"Article\",\"@id\":\"https:\\\/\\\/flatmaningatlan.hu\\\/miert-fontos-a-kaucio-lakasberlet-eseten\\\/#article\",\"isPartOf\":{\"@id\":\"https:\\\/\\\/flatmaningatlan.hu\\\/miert-fontos-a-kaucio-lakasberlet-eseten\\\/\"},\"author\":{\"name\":\"Karner P\u00e9ter\",\"@id\":\"https:\\\/\\\/flatmaningatlan.hu\\\/#\\\/schema\\\/person\\\/97c24fe928506f56a0e584534765f477\"},\"headline\":\"Mit \u00e9rdemes tudni a kauci\u00f3r\u00f3l b\u00e9rbead\u00e1s eset\u00e9n?\",\"datePublished\":\"2025-05-30T15:28:55+00:00\",\"dateModified\":\"2025-06-21T11:07:05+00:00\",\"mainEntityOfPage\":{\"@id\":\"https:\\\/\\\/flatmaningatlan.hu\\\/miert-fontos-a-kaucio-lakasberlet-eseten\\\/\"},\"wordCount\":584,\"publisher\":{\"@id\":\"https:\\\/\\\/flatmaningatlan.hu\\\/#\\\/schema\\\/person\\\/97c24fe928506f56a0e584534765f477\"},\"articleSection\":[\"Blog\"],\"inLanguage\":\"en-GB\"},{\"@type\":\"WebPage\",\"@id\":\"https:\\\/\\\/flatmaningatlan.hu\\\/miert-fontos-a-kaucio-lakasberlet-eseten\\\/\",\"url\":\"https:\\\/\\\/flatmaningatlan.hu\\\/miert-fontos-a-kaucio-lakasberlet-eseten\\\/\",\"name\":\"Mit \u00e9rdemes tudni a kauci\u00f3r\u00f3l b\u00e9rbead\u00e1s eset\u00e9n?\",\"isPartOf\":{\"@id\":\"https:\\\/\\\/flatmaningatlan.hu\\\/#website\"},\"datePublished\":\"2025-05-30T15:28:55+00:00\",\"dateModified\":\"2025-06-21T11:07:05+00:00\",\"description\":\"Mire figyelj, ha kauci\u00f3t k\u00e9rsz b\u00e9rbead\u00e1skor? \u00d6sszefoglal\u00f3 a jogi szab\u00e1lyokr\u00f3l \u00e9s a visszafizet\u00e9s felt\u00e9teleir\u0151l.\",\"breadcrumb\":{\"@id\":\"https:\\\/\\\/flatmaningatlan.hu\\\/miert-fontos-a-kaucio-lakasberlet-eseten\\\/#breadcrumb\"},\"inLanguage\":\"en-GB\",\"potentialAction\":[{\"@type\":\"ReadAction\",\"target\":[\"https:\\\/\\\/flatmaningatlan.hu\\\/miert-fontos-a-kaucio-lakasberlet-eseten\\\/\"]}]},{\"@type\":\"BreadcrumbList\",\"@id\":\"https:\\\/\\\/flatmaningatlan.hu\\\/miert-fontos-a-kaucio-lakasberlet-eseten\\\/#breadcrumb\",\"itemListElement\":[{\"@type\":\"ListItem\",\"position\":1,\"name\":\"Kezd\u0151lap\",\"item\":\"https:\\\/\\\/flatmaningatlan.hu\\\/\"},{\"@type\":\"ListItem\",\"position\":2,\"name\":\"Mit \u00e9rdemes tudni a kauci\u00f3r\u00f3l b\u00e9rbead\u00e1s eset\u00e9n?\"}]},{\"@type\":\"WebSite\",\"@id\":\"https:\\\/\\\/flatmaningatlan.hu\\\/#website\",\"url\":\"https:\\\/\\\/flatmaningatlan.hu\\\/\",\"name\":\"Flatman Ingatlan\",\"description\":\"Ingatlank\u00f6zvet\u00edt\u00e9s, ingatlan b\u00e9rbead\u00e1s Budapesten\",\"publisher\":{\"@id\":\"https:\\\/\\\/flatmaningatlan.hu\\\/#\\\/schema\\\/person\\\/97c24fe928506f56a0e584534765f477\"},\"potentialAction\":[{\"@type\":\"SearchAction\",\"target\":{\"@type\":\"EntryPoint\",\"urlTemplate\":\"https:\\\/\\\/flatmaningatlan.hu\\\/?s={search_term_string}\"},\"query-input\":{\"@type\":\"PropertyValueSpecification\",\"valueRequired\":true,\"valueName\":\"search_term_string\"}}],\"inLanguage\":\"en-GB\"},{\"@type\":[\"Person\",\"Organization\"],\"@id\":\"https:\\\/\\\/flatmaningatlan.hu\\\/#\\\/schema\\\/person\\\/97c24fe928506f56a0e584534765f477\",\"name\":\"Karner P\u00e9ter\",\"image\":{\"@type\":\"ImageObject\",\"inLanguage\":\"en-GB\",\"@id\":\"https:\\\/\\\/flatmaningatlan.hu\\\/wp-content\\\/uploads\\\/2024\\\/11\\\/flatmanprofilecard-2.jpeg\",\"url\":\"https:\\\/\\\/flatmaningatlan.hu\\\/wp-content\\\/uploads\\\/2024\\\/11\\\/flatmanprofilecard-2.jpeg\",\"contentUrl\":\"https:\\\/\\\/flatmaningatlan.hu\\\/wp-content\\\/uploads\\\/2024\\\/11\\\/flatmanprofilecard-2.jpeg\",\"width\":459,\"height\":459,\"caption\":\"Karner P\u00e9ter\"},\"logo\":{\"@id\":\"https:\\\/\\\/flatmaningatlan.hu\\\/wp-content\\\/uploads\\\/2024\\\/11\\\/flatmanprofilecard-2.jpeg\"},\"sameAs\":[\"https:\\\/\\\/flatmaningatlan.hu\"],\"publishingPrinciples\":\"https:\\\/\\\/flatmaningatlan.hu\\\/privacy-policy\\\/\",\"ownershipFundingInfo\":\"https:\\\/\\\/flatmaningatlan.hu\\\/privacy-policy\\\/\"}]}<\/script>\n<!-- \/ Yoast SEO Premium plugin. -->","yoast_head_json":{"title":"Mit \u00e9rdemes tudni a kauci\u00f3r\u00f3l b\u00e9rbead\u00e1s eset\u00e9n?","description":"Mire figyelj, ha kauci\u00f3t k\u00e9rsz b\u00e9rbead\u00e1skor? \u00d6sszefoglal\u00f3 a jogi szab\u00e1lyokr\u00f3l \u00e9s a visszafizet\u00e9s felt\u00e9teleir\u0151l.","robots":{"index":"index","follow":"follow","max-snippet":"max-snippet:-1","max-image-preview":"max-image-preview:large","max-video-preview":"max-video-preview:-1"},"canonical":"https:\/\/flatmaningatlan.hu\/en\/miert-fontos-a-kaucio-lakasberlet-eseten\/","og_locale":"en_GB","og_type":"article","og_title":"Mit \u00e9rdemes tudni a kauci\u00f3r\u00f3l b\u00e9rbead\u00e1s eset\u00e9n?","og_description":"Mire figyelj, ha kauci\u00f3t k\u00e9rsz b\u00e9rbead\u00e1skor? \u00d6sszefoglal\u00f3 a jogi szab\u00e1lyokr\u00f3l \u00e9s a visszafizet\u00e9s felt\u00e9teleir\u0151l.","og_url":"https:\/\/flatmaningatlan.hu\/en\/miert-fontos-a-kaucio-lakasberlet-eseten\/","og_site_name":"Flatman Ingatlan","article_published_time":"2025-05-30T15:28:55+00:00","article_modified_time":"2025-06-21T11:07:05+00:00","author":"Karner P\u00e9ter","twitter_card":"summary_large_image","twitter_misc":{"Written by":"Karner P\u00e9ter","Estimated reading time":"2 minutes"},"schema":{"@context":"https:\/\/schema.org","@graph":[{"@type":"Article","@id":"https:\/\/flatmaningatlan.hu\/miert-fontos-a-kaucio-lakasberlet-eseten\/#article","isPartOf":{"@id":"https:\/\/flatmaningatlan.hu\/miert-fontos-a-kaucio-lakasberlet-eseten\/"},"author":{"name":"Karner P\u00e9ter","@id":"https:\/\/flatmaningatlan.hu\/#\/schema\/person\/97c24fe928506f56a0e584534765f477"},"headline":"Mit \u00e9rdemes tudni a kauci\u00f3r\u00f3l b\u00e9rbead\u00e1s eset\u00e9n?","datePublished":"2025-05-30T15:28:55+00:00","dateModified":"2025-06-21T11:07:05+00:00","mainEntityOfPage":{"@id":"https:\/\/flatmaningatlan.hu\/miert-fontos-a-kaucio-lakasberlet-eseten\/"},"wordCount":584,"publisher":{"@id":"https:\/\/flatmaningatlan.hu\/#\/schema\/person\/97c24fe928506f56a0e584534765f477"},"articleSection":["Blog"],"inLanguage":"en-GB"},{"@type":"WebPage","@id":"https:\/\/flatmaningatlan.hu\/miert-fontos-a-kaucio-lakasberlet-eseten\/","url":"https:\/\/flatmaningatlan.hu\/miert-fontos-a-kaucio-lakasberlet-eseten\/","name":"Mit \u00e9rdemes tudni a kauci\u00f3r\u00f3l b\u00e9rbead\u00e1s eset\u00e9n?","isPartOf":{"@id":"https:\/\/flatmaningatlan.hu\/#website"},"datePublished":"2025-05-30T15:28:55+00:00","dateModified":"2025-06-21T11:07:05+00:00","description":"Mire figyelj, ha kauci\u00f3t k\u00e9rsz b\u00e9rbead\u00e1skor? \u00d6sszefoglal\u00f3 a jogi szab\u00e1lyokr\u00f3l \u00e9s a visszafizet\u00e9s felt\u00e9teleir\u0151l.","breadcrumb":{"@id":"https:\/\/flatmaningatlan.hu\/miert-fontos-a-kaucio-lakasberlet-eseten\/#breadcrumb"},"inLanguage":"en-GB","potentialAction":[{"@type":"ReadAction","target":["https:\/\/flatmaningatlan.hu\/miert-fontos-a-kaucio-lakasberlet-eseten\/"]}]},{"@type":"BreadcrumbList","@id":"https:\/\/flatmaningatlan.hu\/miert-fontos-a-kaucio-lakasberlet-eseten\/#breadcrumb","itemListElement":[{"@type":"ListItem","position":1,"name":"Kezd\u0151lap","item":"https:\/\/flatmaningatlan.hu\/"},{"@type":"ListItem","position":2,"name":"Mit \u00e9rdemes tudni a kauci\u00f3r\u00f3l b\u00e9rbead\u00e1s eset\u00e9n?"}]},{"@type":"WebSite","@id":"https:\/\/flatmaningatlan.hu\/#website","url":"https:\/\/flatmaningatlan.hu\/","name":"Flatman Ingatlan","description":"Realty services, property renting Budapest","publisher":{"@id":"https:\/\/flatmaningatlan.hu\/#\/schema\/person\/97c24fe928506f56a0e584534765f477"},"potentialAction":[{"@type":"SearchAction","target":{"@type":"EntryPoint","urlTemplate":"https:\/\/flatmaningatlan.hu\/?s={search_term_string}"},"query-input":{"@type":"PropertyValueSpecification","valueRequired":true,"valueName":"search_term_string"}}],"inLanguage":"en-GB"},{"@type":["Person","Organization"],"@id":"https:\/\/flatmaningatlan.hu\/#\/schema\/person\/97c24fe928506f56a0e584534765f477","name":"Peter Karner","image":{"@type":"ImageObject","inLanguage":"en-GB","@id":"https:\/\/flatmaningatlan.hu\/wp-content\/uploads\/2024\/11\/flatmanprofilecard-2.jpeg","url":"https:\/\/flatmaningatlan.hu\/wp-content\/uploads\/2024\/11\/flatmanprofilecard-2.jpeg","contentUrl":"https:\/\/flatmaningatlan.hu\/wp-content\/uploads\/2024\/11\/flatmanprofilecard-2.jpeg","width":459,"height":459,"caption":"Karner P\u00e9ter"},"logo":{"@id":"https:\/\/flatmaningatlan.hu\/wp-content\/uploads\/2024\/11\/flatmanprofilecard-2.jpeg"},"sameAs":["https:\/\/flatmaningatlan.hu"],"publishingPrinciples":"https:\/\/flatmaningatlan.hu\/privacy-policy\/","ownershipFundingInfo":"https:\/\/flatmaningatlan.hu\/privacy-policy\/"}]}},"_links":{"self":[{"href":"https:\/\/flatmaningatlan.hu\/en\/wp-json\/wp\/v2\/posts\/24589","targetHints":{"allow":["GET"]}}],"collection":[{"href":"https:\/\/flatmaningatlan.hu\/en\/wp-json\/wp\/v2\/posts"}],"about":[{"href":"https:\/\/flatmaningatlan.hu\/en\/wp-json\/wp\/v2\/types\/post"}],"author":[{"embeddable":true,"href":"https:\/\/flatmaningatlan.hu\/en\/wp-json\/wp\/v2\/users\/6"}],"replies":[{"embeddable":true,"href":"https:\/\/flatmaningatlan.hu\/en\/wp-json\/wp\/v2\/comments?post=24589"}],"version-history":[{"count":7,"href":"https:\/\/flatmaningatlan.hu\/en\/wp-json\/wp\/v2\/posts\/24589\/revisions"}],"predecessor-version":[{"id":25630,"href":"https:\/\/flatmaningatlan.hu\/en\/wp-json\/wp\/v2\/posts\/24589\/revisions\/25630"}],"wp:attachment":[{"href":"https:\/\/flatmaningatlan.hu\/en\/wp-json\/wp\/v2\/media?parent=24589"}],"wp:term":[{"taxonomy":"category","embeddable":true,"href":"https:\/\/flatmaningatlan.hu\/en\/wp-json\/wp\/v2\/categories?post=24589"},{"taxonomy":"post_tag","embeddable":true,"href":"https:\/\/flatmaningatlan.hu\/en\/wp-json\/wp\/v2\/tags?post=24589"}],"curies":[{"name":"wp","href":"https:\/\/api.w.org\/{rel}","templated":true}]}}